{"id":538,"date":"2018-03-13T03:14:54","date_gmt":"2018-03-13T03:14:54","guid":{"rendered":"http:\/\/estampillascr.com\/blog-es\/?p=538"},"modified":"2018-03-13T04:02:45","modified_gmt":"2018-03-13T04:02:45","slug":"estudio-de-plancha-del-resello-de-cafe-de-1923","status":"publish","type":"post","link":"https:\/\/estampillascr.com\/blog-es\/estudio-de-plancha-del-resello-de-cafe-de-1923\/","title":{"rendered":"Estudio de plancha del resello de Caf\u00e9 de 1923"},"content":{"rendered":"<p>A principios de la d\u00e9cada de 1920, el gobierno de Costa Rica decidi\u00f3 emitir estampillas para promoci\u00f3n del caf\u00e9 (su mayor producto de exportaci\u00f3n en la \u00e9poca). Despu\u00e9s de dos emisiones previas, el 12 de enero de 1923 se emiti\u00f3 el decreto n\u00famero 6, el cual autorizaba resellar 50.000 estampillas (resello de cafe) de 5 c\u00e9ntimos de 1910 con una leyenda circular dentro de dos anillos que lee \u00abCOMPRE UD CAFE DE COSTA RICA\u00bb.<\/p>\n<p>Como una nota curiosa, se conocen 3 tipos plancha con este resello de caf\u00e9. Por ahora hablaremos s\u00f3lo de la que llamaremos plancha 1. Las otras dos planchas las estudiaremos en futuras entregas.<\/p>\n<p>Si bien el n\u00famero de estampillas emitidas fue relativamente alto para la \u00e9poca, las piezas m\u00faltiples y la historia postal de este resello de caf\u00e9 son bastante dif\u00edciles de encontrar.<\/p>\n<p>Por suerte contamos con un ejemplar de cada plancha.<\/p>\n<p>A continuaci\u00f3n presento un estudio de la \u00abplancha 1\u00bb.<\/p>\n<p><a href=\"http:\/\/estampillascr.com\/blog-es\/pliegocompreudcafedecostarica.jpg\"><img decoding=\"async\" class=\"aligncenter wp-image-540 size-full\" src=\"http:\/\/estampillascr.com\/blog-es\/wp-content\/uploads\/2018\/03\/pliegocompreudcafedecostaricat.jpg\" alt=\"resello de caf\u00e9\" width=\"176\" height=\"230\" \/><\/a><\/p>\n<table width=\"280\">\n<tbody>\n<tr>\n<td width=\"31\">Pos.<\/td>\n<td width=\"249\">Detalle<\/td>\n<\/tr>\n<tr>\n<td>1<\/td>\n<td width=\"249\">Punto entre la \u00abO\u00bb y la \u00abS\u00bb de Costa.<\/td>\n<\/tr>\n<tr>\n<td>2<\/td>\n<td width=\"249\">\u00abVariedad C.C\u00bb. Punto gu\u00eda derecha e inferior.<\/td>\n<\/tr>\n<tr>\n<td>3<\/td>\n<td width=\"249\">C\u00edrculo quebrado sobre la \u00abP\u00bb de compre. Punto gu\u00eda derecha e inferior.<\/td>\n<\/tr>\n<tr>\n<td>4<\/td>\n<td width=\"249\">Punto fuera del c\u00edrculo (no es punto gu\u00eda) sobre la \u00abM\u00bb de compre.<\/td>\n<\/tr>\n<tr>\n<td>5<\/td>\n<td width=\"249\">Punto gu\u00eda derecho e inferior.<\/td>\n<\/tr>\n<tr>\n<td>6<\/td>\n<td width=\"249\">4 puntos gu\u00eda.<\/td>\n<\/tr>\n<tr>\n<td>7<\/td>\n<td width=\"249\">\u00abF\u00bb de caf\u00e9 quebrada. Punto gu\u00eda derecho (doble) en inferior. Punto en el c\u00edrculo interior debajo de la \u00abM\u00bb de compre.<\/td>\n<\/tr>\n<tr>\n<td>8<\/td>\n<td width=\"249\">\u00abR\u00bb y \u00abE\u00bb de compre quebradas. Punto gu\u00eda superior, izquierdo y derecho.<\/td>\n<\/tr>\n<tr>\n<td>9<\/td>\n<td width=\"249\">Punto gu\u00eda superior.<\/td>\n<\/tr>\n<tr>\n<td>10<\/td>\n<td width=\"249\">C\u00edrculo interno quebrado sobre la \u00abA\u00bb de caf\u00e9.<\/td>\n<\/tr>\n<tr>\n<td>11<\/td>\n<td width=\"249\">\u00abO\u00bb de Costa quebrada. Punto entre \u00abO\u00bb de costa y c\u00edrculo.<\/td>\n<\/tr>\n<tr>\n<td>12<\/td>\n<td width=\"249\">Punto gu\u00eda izquierdo.<\/td>\n<\/tr>\n<tr>\n<td>13<\/td>\n<td width=\"249\">C\u00edrculo externo quebrado entre \u00abU\u00bb y \u00ab.\u00bb de Ud.. Puntos Gu\u00eda derecho, izquierdo e inferior.<\/td>\n<\/tr>\n<tr>\n<td>14<\/td>\n<td width=\"249\">Punto gu\u00eda izquierdo.<\/td>\n<\/tr>\n<tr>\n<td>15<\/td>\n<td width=\"249\">C\u00edrculo externo quebrado sobre \u00abR\u00bb de compre. Punto gu\u00eda derecho e izquierdo.<\/td>\n<\/tr>\n<tr>\n<td>16<\/td>\n<td width=\"249\">C\u00edrculo externo quebrado sobre \u00abO\u00bb de compre. Punto gu\u00eda derecho, izquierdo y superior.<\/td>\n<\/tr>\n<tr>\n<td>17<\/td>\n<td width=\"249\">\u00abVariedad \u00abC.C\u00bb. Punto gu\u00eda derecho.<\/td>\n<\/tr>\n<tr>\n<td>18<\/td>\n<td width=\"249\">\u00abA\u00bb de Rica quebrada. C\u00edrculo externo quebrado sobre \u00abU\u00bb y \u00abD\u00bb de Ud. 4 puntos gu\u00eda.<\/td>\n<\/tr>\n<tr>\n<td>19<\/td>\n<td width=\"249\">C\u00edrculo externo quebrado entre \u00abC\u00bb de compre y \u00abC\u00bb de caf\u00e9. Punto gu\u00eda izquierdo y superior.<\/td>\n<\/tr>\n<tr>\n<td>20<\/td>\n<td width=\"249\">\u00abT\u00bb y \u00abS\u00bb de Costa quebradas.<\/td>\n<\/tr>\n<tr>\n<td>21<\/td>\n<td width=\"249\"><\/td>\n<\/tr>\n<tr>\n<td>22<\/td>\n<td width=\"249\"><\/td>\n<\/tr>\n<tr>\n<td>23<\/td>\n<td width=\"249\">\u00abE\u00bb de compre quebrada.<\/td>\n<\/tr>\n<tr>\n<td>24<\/td>\n<td width=\"249\">C\u00edrculo externo quebrado sobre \u00abR\u00bb de compre y sobre \u00abU\u00bb de Ud.. \u00abR\u00bb de Rica quebrada.<\/td>\n<\/tr>\n<tr>\n<td>25<\/td>\n<td width=\"249\">\u00abE\u00bb de caf\u00e9 quebrada.<\/td>\n<\/tr>\n<tr>\n<td>26<\/td>\n<td width=\"249\">Punto gu\u00eda izquierdo, derecho y superior.<img decoding=\"async\" class=\"aligncenter wp-image-541 size-full\" src=\"http:\/\/estampillascr.com\/blog-es\/wp-content\/uploads\/2018\/03\/Captura-de-pantalla-2018-03-12-a-las-20.52.45.png\" alt=\"resello de caf\u00e9\" width=\"178\" height=\"207\" \/><\/td>\n<\/tr>\n<tr>\n<td>27<\/td>\n<td width=\"249\">Variedad \u00abC.C\u00bb. Punto gu\u00eda izquierdo, derecho y superior.<\/td>\n<\/tr>\n<tr>\n<td>28<\/td>\n<td width=\"249\">Punto gu\u00eda izquierdo y superior.<\/td>\n<\/tr>\n<tr>\n<td>29<\/td>\n<td width=\"249\">\u00abE\u00bb de caf\u00e9 quebrada . \u00abC\u00bb de Costa quebrada. C\u00edrculo externo quebrado sobre la \u00abR\u00bb de compre. Punto gu\u00eda izquierdo y superior.<\/td>\n<\/tr>\n<tr>\n<td>30<\/td>\n<td width=\"249\">C\u00edrculo quebrado sobre la \u00abO\u00bb de compre. Punto gu\u00eda izquieerdo y superior.<\/td>\n<\/tr>\n<tr>\n<td>31<\/td>\n<td width=\"249\">C\u00edrculo interno quebrado debajo la \u00abC\u00bb de compre. C\u00edrculo externo quebrado sobre la \u00abD\u00bb de Ud.<\/td>\n<\/tr>\n<tr>\n<td>32<\/td>\n<td width=\"249\">Variedad \u00abC.C\u00bb. \u00abE\u00bb de caf\u00e9 da\u00f1ada (l\u00ednea vertical).<\/td>\n<\/tr>\n<tr>\n<td>33<\/td>\n<td width=\"249\">\u00abC\u00bb de compre quebrada. \u00abE\u00bb de caf\u00e9 quebrada<\/td>\n<\/tr>\n<tr>\n<td>34<\/td>\n<td width=\"249\"><\/td>\n<\/tr>\n<tr>\n<td>35<\/td>\n<td width=\"249\">Punto gu\u00eda izquierdo.<\/td>\n<\/tr>\n<tr>\n<td>36<\/td>\n<td width=\"249\">Punto entre \u00abO\u00bb de costa y c\u00edrculo. \u00abA\u00bb de Rica quebrada. Punto gu\u00eda izquierda, derecho y superior.<\/td>\n<\/tr>\n<tr>\n<td>37<\/td>\n<td width=\"249\">Punto gu\u00eda izquierdo, derecho y superior.<\/td>\n<\/tr>\n<tr>\n<td>38<\/td>\n<td width=\"249\">Punto gu\u00eda izquierdo, derecho y superior.<\/td>\n<\/tr>\n<tr>\n<td>39<\/td>\n<td width=\"249\">Punto gu\u00eda superior.<\/td>\n<\/tr>\n<tr>\n<td>40<\/td>\n<td width=\"249\">\u00abE\u00bb de compre da\u00f1ada (l\u00ednea superior). Punto gu\u00eda izquierdo y superior.<\/td>\n<\/tr>\n<tr>\n<td>41<\/td>\n<td width=\"249\"><\/td>\n<\/tr>\n<tr>\n<td>42<\/td>\n<td width=\"249\"><\/td>\n<\/tr>\n<tr>\n<td>43<\/td>\n<td width=\"249\">Punto gu\u00eda derecho y superior.<\/td>\n<\/tr>\n<tr>\n<td>44<\/td>\n<td width=\"249\">4 puntos gu\u00eda.<\/td>\n<\/tr>\n<tr>\n<td>45<\/td>\n<td width=\"249\">C\u00edrculo externo quebrado sobre la \u00abC\u00bb de compre. Punto gu\u00edainferior y superior.<\/td>\n<\/tr>\n<tr>\n<td>46<\/td>\n<td width=\"249\">C\u00edrculo externo quebrado entre la \u00abP\u00bb y la \u00abR\u00bb de compre. 4 puntos gu\u00eda.<\/td>\n<\/tr>\n<tr>\n<td>47<\/td>\n<td width=\"249\">Variedad \u00abC.C\u00bb. \u00abE\u00bb de caf\u00e9 quebrada. 4 puntos gu\u00eda.<\/td>\n<\/tr>\n<tr>\n<td>48<\/td>\n<td width=\"249\">\u00abS\u00bb de Costa da\u00f1ada. Punto gu\u00eda izquierdo y superior<\/td>\n<\/tr>\n<tr>\n<td>49<\/td>\n<td width=\"249\">\u00abS\u00bb de Costa da\u00f1ada. Punto gu\u00eda izquierdo, derecho y superior.<\/td>\n<\/tr>\n<tr>\n<td>50<\/td>\n<td width=\"249\">Punto gu\u00eda izquierdo, derecho y superior.<\/td>\n<\/tr>\n<tr>\n<td>51<\/td>\n<td width=\"249\"><\/td>\n<\/tr>\n<tr>\n<td>52<\/td>\n<td width=\"249\">Variedad \u00abC.C\u00bb.<\/td>\n<\/tr>\n<tr>\n<td>53<\/td>\n<td width=\"249\">Punto gu\u00eda superior.<\/td>\n<\/tr>\n<tr>\n<td>54<\/td>\n<td width=\"249\">\u00abE\u00bb de compre da\u00f1ada. Punto gu\u00eda izquierdo y derecho.<\/td>\n<\/tr>\n<tr>\n<td>55<\/td>\n<td width=\"249\">Punto gu\u00eda derecho e inferior.<\/td>\n<\/tr>\n<tr>\n<td>56<\/td>\n<td width=\"249\">\u00abC\u00bb y \u00abA\u00bb de Rica da\u00f1adas. \u00abD\u00bb de Ud. quebrada. Punto gu\u00eda izquierdo, derecho e inferior.<\/td>\n<\/tr>\n<tr>\n<td>57<\/td>\n<td width=\"249\">Variedad \u00abC.C\u00bb. Punto gu\u00eda izquierdo, derecho y superior.<\/td>\n<\/tr>\n<tr>\n<td>58<\/td>\n<td width=\"249\">Punto gu\u00eda izquierdo, derecho y superior.<\/td>\n<\/tr>\n<tr>\n<td>59<\/td>\n<td width=\"249\">Punto gu\u00eda izquierdo, derecho y superior.<\/td>\n<\/tr>\n<tr>\n<td>60<\/td>\n<td width=\"249\">Punto gu\u00eda izquierdo, derecho y superior.<\/td>\n<\/tr>\n<tr>\n<td>61<\/td>\n<td width=\"249\"><\/td>\n<\/tr>\n<tr>\n<td>62<\/td>\n<td width=\"249\">Variedad \u00abC.C\u00bb.<\/td>\n<\/tr>\n<tr>\n<td>63<\/td>\n<td width=\"249\"><\/td>\n<\/tr>\n<tr>\n<td>64<\/td>\n<td width=\"249\">Punto gu\u00eda derecho y superior.<\/td>\n<\/tr>\n<tr>\n<td>65<\/td>\n<td width=\"249\">Punto gu\u00eda izquierda, derecho y superior.<\/td>\n<\/tr>\n<tr>\n<td>66<\/td>\n<td width=\"249\">\u00abA\u00bb de Rica da\u00f1ada. Punto gu\u00eda izquierdo, derecho y superior.<\/td>\n<\/tr>\n<tr>\n<td>67<\/td>\n<td width=\"249\">Variedad \u00abC.C\u00bb. Punto gu\u00eda superior.\u00a0<img decoding=\"async\" class=\"aligncenter wp-image-544 size-full\" src=\"http:\/\/estampillascr.com\/blog-es\/wp-content\/uploads\/2018\/03\/Captura-de-pantalla-2018-03-12-a-las-20.42.06.png\" alt=\"resello de caf\u00e9\" width=\"176\" height=\"206\" \/><\/td>\n<\/tr>\n<tr>\n<td>68<\/td>\n<td width=\"249\">Punto gu\u00eda derecho, inferior y superior.<\/td>\n<\/tr>\n<tr>\n<td>69<\/td>\n<td width=\"249\">Punto gu\u00eda superior.<\/td>\n<\/tr>\n<tr>\n<td>70<\/td>\n<td width=\"249\">\u00abP\u00bb de compre quebrada. Punto gu\u00eda derecho y superior.<\/td>\n<\/tr>\n<tr>\n<td>71<\/td>\n<td width=\"249\"><\/td>\n<\/tr>\n<tr>\n<td>72<\/td>\n<td width=\"249\">Variedad VD. Punto gu\u00eda izquierdo.\u00a0<img loading=\"lazy\" decoding=\"async\" class=\"aligncenter wp-image-542 size-full\" src=\"http:\/\/estampillascr.com\/blog-es\/wp-content\/uploads\/2018\/03\/Captura-de-pantalla-2018-03-12-a-las-20.41.22.png\" alt=\"resello de caf\u00e9\" width=\"177\" height=\"209\" \/><\/td>\n<\/tr>\n<tr>\n<td>73<\/td>\n<td width=\"249\"><\/td>\n<\/tr>\n<tr>\n<td>74<\/td>\n<td width=\"249\"><\/td>\n<\/tr>\n<tr>\n<td>75<\/td>\n<td width=\"249\">\u00abD\u00bb de UD. da\u00f1ada. Punto gu\u00eda derecho.<\/td>\n<\/tr>\n<tr>\n<td>76<\/td>\n<td width=\"249\"><\/td>\n<\/tr>\n<tr>\n<td>77<\/td>\n<td width=\"249\">Punto gu\u00eda superior.<\/td>\n<\/tr>\n<tr>\n<td>78<\/td>\n<td width=\"249\">Punto gu\u00eda derecho.<\/td>\n<\/tr>\n<tr>\n<td>79<\/td>\n<td width=\"249\">Punto gu\u00eda superior.<\/td>\n<\/tr>\n<tr>\n<td>80<\/td>\n<td width=\"249\">\u00abA\u00bb de caf\u00e9 quebrada. Punto gu\u00eda superior.<\/td>\n<\/tr>\n<tr>\n<td>81<\/td>\n<td width=\"249\">Punto entre \u00abO\u00bb de costa y c\u00edrculo.<\/td>\n<\/tr>\n<tr>\n<td>82<\/td>\n<td width=\"249\"><\/td>\n<\/tr>\n<tr>\n<td>83<\/td>\n<td width=\"249\">Punto gu\u00eda superior.<\/td>\n<\/tr>\n<tr>\n<td>84<\/td>\n<td width=\"249\">Punto gu\u00eda superior.<\/td>\n<\/tr>\n<tr>\n<td>85<\/td>\n<td width=\"249\">\u00abC\u00bb de Rica quebrada. Punto gu\u00eda derecho y superior.<\/td>\n<\/tr>\n<tr>\n<td>86<\/td>\n<td width=\"249\">Punto entre \u00abO\u00bb de costa y c\u00edrculo.<\/td>\n<\/tr>\n<tr>\n<td>87<\/td>\n<td width=\"249\">Punto gu\u00eda derecho, inferior y superior.<\/td>\n<\/tr>\n<tr>\n<td>88<\/td>\n<td width=\"249\">Variedad \u00abCC\u00bb.\u00a0<img loading=\"lazy\" decoding=\"async\" class=\"aligncenter wp-image-543 size-full\" src=\"http:\/\/estampillascr.com\/blog-es\/wp-content\/uploads\/2018\/03\/Captura-de-pantalla-2018-03-12-a-las-20.41.45.png\" alt=\"resello de caf\u00e9\" width=\"175\" height=\"205\" \/><\/td>\n<\/tr>\n<tr>\n<td>89<\/td>\n<td width=\"249\">\u00abP\u00bb de compre quebrada. Punto gu\u00eda superior.<\/td>\n<\/tr>\n<tr>\n<td>90<\/td>\n<td width=\"249\">\u00abP\u00bb de compre quebrada. \u00abA\u00bb de Rica quebrada. Punto gu\u00eda izquierdo.<\/td>\n<\/tr>\n<tr>\n<td>91<\/td>\n<td width=\"249\">\u00abE\u00bb de caf\u00e9 quebrada. Punto entre la \u00abO\u00bb y el c\u00edrculo. Punto gu\u00eda inferior.<\/td>\n<\/tr>\n<tr>\n<td>92<\/td>\n<td width=\"249\">Punto gu\u00eda derecho.<\/td>\n<\/tr>\n<tr>\n<td>93<\/td>\n<td width=\"249\"><\/td>\n<\/tr>\n<tr>\n<td>94<\/td>\n<td width=\"249\"><\/td>\n<\/tr>\n<tr>\n<td>95<\/td>\n<td width=\"249\"><\/td>\n<\/tr>\n<tr>\n<td>96<\/td>\n<td width=\"249\"><\/td>\n<\/tr>\n<tr>\n<td>97<\/td>\n<td width=\"249\">C\u00edrculo externo quebrado entre la \u00abM\u00bb y la \u00abP\u00bb de compre. \u00abP\u00bb de compre da\u00f1ada.<\/td>\n<\/tr>\n<tr>\n<td>98<\/td>\n<td width=\"249\">\u00abP\u00bb y \u00abE\u00bb de compre da\u00f1adas.<\/td>\n<\/tr>\n<tr>\n<td>99<\/td>\n<td width=\"249\"><\/td>\n<\/tr>\n<tr>\n<td>100<\/td>\n<td width=\"249\">\u00abP\u00bb de compre quebrada. \u00abC\u00bb de caf\u00e9 quebrada.<\/td>\n<\/tr>\n<\/tbody>\n<\/table>\n<p>Para una muestra de historia postal de este resello de caf\u00e9, puede visitar nuestro art\u00edculo:\u00a0<a href=\"http:\/\/estampillascr.com\/blog-es\/increible-sobre-con-la-estampilla-scott-111k-vd-en-vez-de-ud\/\" target=\"_blank\" rel=\"noopener\"><strong>Incre\u00edble sobre con la estampilla Scott 111k \u201cVD\u201d en vez de \u201cUD\u201d<\/strong><\/a><\/p>\n<p>Para realizar este tipo de estudios recomendamos estas herramientas:<\/p>\n<ul>\n<li><a href=\"http:\/\/amzn.to\/2FK6u30\" target=\"_blank\" rel=\"noopener\">Microscopio digital USB.<\/a><\/li>\n<li><a href=\"http:\/\/amzn.to\/2FtHSfs\" target=\"_blank\" rel=\"noopener\">Lupa de escritorio con luz LED.<\/a><\/li>\n<\/ul>\n","protected":false},"excerpt":{"rendered":"<p>A principios de la d\u00e9cada de 1920, el gobierno de Costa Rica decidi\u00f3 emitir estampillas para promoci\u00f3n del caf\u00e9 (su mayor producto de exportaci\u00f3n en la \u00e9poca). Despu\u00e9s de dos emisiones previas, el 12 de enero de 1923 se emiti\u00f3 el decreto n\u00famero 6, el cual autorizaba resellar 50.000 estampillas (resello de cafe) de 5 &hellip; <\/p>\n<p class=\"link-more\"><a href=\"https:\/\/estampillascr.com\/blog-es\/estudio-de-plancha-del-resello-de-cafe-de-1923\/\" class=\"more-link\">Continuar leyendo<span class=\"screen-reader-text\"> \u00abEstudio de plancha del resello de Caf\u00e9 de 1923\u00bb<\/span><\/a><\/p>\n","protected":false},"author":1,"featured_media":0,"comment_status":"open","ping_status":"open","sticky":false,"template":"","format":"standard","meta":{"_monsterinsights_skip_tracking":false,"_monsterinsights_sitenote_active":false,"_monsterinsights_sitenote_note":"","_monsterinsights_sitenote_category":0,"footnotes":""},"categories":[1],"tags":[],"class_list":["post-538","post","type-post","status-publish","format-standard","hentry","category-uncategorized"],"yoast_head":"<!-- This site is optimized with the Yoast SEO plugin v19.12 - https:\/\/yoast.com\/wordpress\/plugins\/seo\/ -->\n<title>Estudio de plancha del resello de Caf\u00e9 de 1923 - Estampillas de Costa Rica<\/title>\n<meta name=\"robots\" content=\"index, follow, max-snippet:-1, max-image-preview:large, max-video-preview:-1\" \/>\n<link rel=\"canonical\" href=\"https:\/\/estampillascr.com\/blog-es\/estudio-de-plancha-del-resello-de-cafe-de-1923\/\" \/>\n<meta property=\"og:locale\" content=\"es_ES\" \/>\n<meta property=\"og:type\" content=\"article\" \/>\n<meta property=\"og:title\" content=\"Estudio de plancha del resello de Caf\u00e9 de 1923 - Estampillas de Costa Rica\" \/>\n<meta property=\"og:description\" content=\"A principios de la d\u00e9cada de 1920, el gobierno de Costa Rica decidi\u00f3 emitir estampillas para promoci\u00f3n del caf\u00e9 (su mayor producto de exportaci\u00f3n en la \u00e9poca). Despu\u00e9s de dos emisiones previas, el 12 de enero de 1923 se emiti\u00f3 el decreto n\u00famero 6, el cual autorizaba resellar 50.000 estampillas (resello de cafe) de 5 &hellip; Continuar leyendo &quot;Estudio de plancha del resello de Caf\u00e9 de 1923&quot;\" \/>\n<meta property=\"og:url\" content=\"https:\/\/estampillascr.com\/blog-es\/estudio-de-plancha-del-resello-de-cafe-de-1923\/\" \/>\n<meta property=\"og:site_name\" content=\"Estampillas de Costa Rica\" \/>\n<meta property=\"article:published_time\" content=\"2018-03-13T03:14:54+00:00\" \/>\n<meta property=\"article:modified_time\" content=\"2018-03-13T04:02:45+00:00\" \/>\n<meta property=\"og:image\" content=\"http:\/\/estampillascr.com\/blog-es\/wp-content\/uploads\/2018\/03\/pliegocompreudcafedecostaricat.jpg\" \/>\n<meta name=\"author\" content=\"fonsi\" \/>\n<meta name=\"twitter:card\" content=\"summary_large_image\" \/>\n<meta name=\"twitter:label1\" content=\"Escrito por\" \/>\n\t<meta name=\"twitter:data1\" content=\"fonsi\" \/>\n\t<meta name=\"twitter:label2\" content=\"Tiempo de lectura\" \/>\n\t<meta name=\"twitter:data2\" content=\"5 minutos\" \/>\n<script type=\"application\/ld+json\" class=\"yoast-schema-graph\">{\"@context\":\"https:\/\/schema.org\",\"@graph\":[{\"@type\":\"Article\",\"@id\":\"https:\/\/estampillascr.com\/blog-es\/estudio-de-plancha-del-resello-de-cafe-de-1923\/#article\",\"isPartOf\":{\"@id\":\"https:\/\/estampillascr.com\/blog-es\/estudio-de-plancha-del-resello-de-cafe-de-1923\/\"},\"author\":{\"name\":\"fonsi\",\"@id\":\"https:\/\/estampillascr.com\/blog-es\/#\/schema\/person\/f881dcaa2327b14dc715503eb8547d0a\"},\"headline\":\"Estudio de plancha del resello de Caf\u00e9 de 1923\",\"datePublished\":\"2018-03-13T03:14:54+00:00\",\"dateModified\":\"2018-03-13T04:02:45+00:00\",\"mainEntityOfPage\":{\"@id\":\"https:\/\/estampillascr.com\/blog-es\/estudio-de-plancha-del-resello-de-cafe-de-1923\/\"},\"wordCount\":965,\"commentCount\":0,\"publisher\":{\"@id\":\"https:\/\/estampillascr.com\/blog-es\/#organization\"},\"articleSection\":[\"Uncategorized\"],\"inLanguage\":\"es\",\"potentialAction\":[{\"@type\":\"CommentAction\",\"name\":\"Comment\",\"target\":[\"https:\/\/estampillascr.com\/blog-es\/estudio-de-plancha-del-resello-de-cafe-de-1923\/#respond\"]}]},{\"@type\":\"WebPage\",\"@id\":\"https:\/\/estampillascr.com\/blog-es\/estudio-de-plancha-del-resello-de-cafe-de-1923\/\",\"url\":\"https:\/\/estampillascr.com\/blog-es\/estudio-de-plancha-del-resello-de-cafe-de-1923\/\",\"name\":\"Estudio de plancha del resello de Caf\u00e9 de 1923 - Estampillas de Costa Rica\",\"isPartOf\":{\"@id\":\"https:\/\/estampillascr.com\/blog-es\/#website\"},\"datePublished\":\"2018-03-13T03:14:54+00:00\",\"dateModified\":\"2018-03-13T04:02:45+00:00\",\"breadcrumb\":{\"@id\":\"https:\/\/estampillascr.com\/blog-es\/estudio-de-plancha-del-resello-de-cafe-de-1923\/#breadcrumb\"},\"inLanguage\":\"es\",\"potentialAction\":[{\"@type\":\"ReadAction\",\"target\":[\"https:\/\/estampillascr.com\/blog-es\/estudio-de-plancha-del-resello-de-cafe-de-1923\/\"]}]},{\"@type\":\"BreadcrumbList\",\"@id\":\"https:\/\/estampillascr.com\/blog-es\/estudio-de-plancha-del-resello-de-cafe-de-1923\/#breadcrumb\",\"itemListElement\":[{\"@type\":\"ListItem\",\"position\":1,\"name\":\"Portada\",\"item\":\"https:\/\/estampillascr.com\/blog-es\/\"},{\"@type\":\"ListItem\",\"position\":2,\"name\":\"Estudio de plancha del resello de Caf\u00e9 de 1923\"}]},{\"@type\":\"WebSite\",\"@id\":\"https:\/\/estampillascr.com\/blog-es\/#website\",\"url\":\"https:\/\/estampillascr.com\/blog-es\/\",\"name\":\"Estampillas de Costa Rica\",\"description\":\"Su fuente de conocimiento filat\u00e9lico (estampillas, historia postal, timbres, tarjetas y mas!)\",\"publisher\":{\"@id\":\"https:\/\/estampillascr.com\/blog-es\/#organization\"},\"potentialAction\":[{\"@type\":\"SearchAction\",\"target\":{\"@type\":\"EntryPoint\",\"urlTemplate\":\"https:\/\/estampillascr.com\/blog-es\/?s={search_term_string}\"},\"query-input\":\"required name=search_term_string\"}],\"inLanguage\":\"es\"},{\"@type\":\"Organization\",\"@id\":\"https:\/\/estampillascr.com\/blog-es\/#organization\",\"name\":\"Estampillas de Costa Rica\",\"url\":\"https:\/\/estampillascr.com\/blog-es\/\",\"logo\":{\"@type\":\"ImageObject\",\"inLanguage\":\"es\",\"@id\":\"https:\/\/estampillascr.com\/blog-es\/#\/schema\/logo\/image\/\",\"url\":\"https:\/\/estampillascr.com\/blog-es\/wp-content\/uploads\/2017\/06\/cropped-logotienda.png\",\"contentUrl\":\"https:\/\/estampillascr.com\/blog-es\/wp-content\/uploads\/2017\/06\/cropped-logotienda.png\",\"width\":988,\"height\":250,\"caption\":\"Estampillas de Costa Rica\"},\"image\":{\"@id\":\"https:\/\/estampillascr.com\/blog-es\/#\/schema\/logo\/image\/\"}},{\"@type\":\"Person\",\"@id\":\"https:\/\/estampillascr.com\/blog-es\/#\/schema\/person\/f881dcaa2327b14dc715503eb8547d0a\",\"name\":\"fonsi\",\"image\":{\"@type\":\"ImageObject\",\"inLanguage\":\"es\",\"@id\":\"https:\/\/estampillascr.com\/blog-es\/#\/schema\/person\/image\/\",\"url\":\"https:\/\/secure.gravatar.com\/avatar\/62c926cc05a617db214b0a49c5ece4d842d570cabea0bf9cc23250a61b0edc0f?s=96&d=mm&r=g\",\"contentUrl\":\"https:\/\/secure.gravatar.com\/avatar\/62c926cc05a617db214b0a49c5ece4d842d570cabea0bf9cc23250a61b0edc0f?s=96&d=mm&r=g\",\"caption\":\"fonsi\"},\"url\":\"https:\/\/estampillascr.com\/blog-es\/author\/fonsi\/\"}]}<\/script>\n<!-- \/ Yoast SEO plugin. -->","yoast_head_json":{"title":"Estudio de plancha del resello de Caf\u00e9 de 1923 - Estampillas de Costa Rica","robots":{"index":"index","follow":"follow","max-snippet":"max-snippet:-1","max-image-preview":"max-image-preview:large","max-video-preview":"max-video-preview:-1"},"canonical":"https:\/\/estampillascr.com\/blog-es\/estudio-de-plancha-del-resello-de-cafe-de-1923\/","og_locale":"es_ES","og_type":"article","og_title":"Estudio de plancha del resello de Caf\u00e9 de 1923 - Estampillas de Costa Rica","og_description":"A principios de la d\u00e9cada de 1920, el gobierno de Costa Rica decidi\u00f3 emitir estampillas para promoci\u00f3n del caf\u00e9 (su mayor producto de exportaci\u00f3n en la \u00e9poca). Despu\u00e9s de dos emisiones previas, el 12 de enero de 1923 se emiti\u00f3 el decreto n\u00famero 6, el cual autorizaba resellar 50.000 estampillas (resello de cafe) de 5 &hellip; Continuar leyendo \"Estudio de plancha del resello de Caf\u00e9 de 1923\"","og_url":"https:\/\/estampillascr.com\/blog-es\/estudio-de-plancha-del-resello-de-cafe-de-1923\/","og_site_name":"Estampillas de Costa Rica","article_published_time":"2018-03-13T03:14:54+00:00","article_modified_time":"2018-03-13T04:02:45+00:00","og_image":[{"url":"http:\/\/estampillascr.com\/blog-es\/wp-content\/uploads\/2018\/03\/pliegocompreudcafedecostaricat.jpg"}],"author":"fonsi","twitter_card":"summary_large_image","twitter_misc":{"Escrito por":"fonsi","Tiempo de lectura":"5 minutos"},"schema":{"@context":"https:\/\/schema.org","@graph":[{"@type":"Article","@id":"https:\/\/estampillascr.com\/blog-es\/estudio-de-plancha-del-resello-de-cafe-de-1923\/#article","isPartOf":{"@id":"https:\/\/estampillascr.com\/blog-es\/estudio-de-plancha-del-resello-de-cafe-de-1923\/"},"author":{"name":"fonsi","@id":"https:\/\/estampillascr.com\/blog-es\/#\/schema\/person\/f881dcaa2327b14dc715503eb8547d0a"},"headline":"Estudio de plancha del resello de Caf\u00e9 de 1923","datePublished":"2018-03-13T03:14:54+00:00","dateModified":"2018-03-13T04:02:45+00:00","mainEntityOfPage":{"@id":"https:\/\/estampillascr.com\/blog-es\/estudio-de-plancha-del-resello-de-cafe-de-1923\/"},"wordCount":965,"commentCount":0,"publisher":{"@id":"https:\/\/estampillascr.com\/blog-es\/#organization"},"articleSection":["Uncategorized"],"inLanguage":"es","potentialAction":[{"@type":"CommentAction","name":"Comment","target":["https:\/\/estampillascr.com\/blog-es\/estudio-de-plancha-del-resello-de-cafe-de-1923\/#respond"]}]},{"@type":"WebPage","@id":"https:\/\/estampillascr.com\/blog-es\/estudio-de-plancha-del-resello-de-cafe-de-1923\/","url":"https:\/\/estampillascr.com\/blog-es\/estudio-de-plancha-del-resello-de-cafe-de-1923\/","name":"Estudio de plancha del resello de Caf\u00e9 de 1923 - Estampillas de Costa Rica","isPartOf":{"@id":"https:\/\/estampillascr.com\/blog-es\/#website"},"datePublished":"2018-03-13T03:14:54+00:00","dateModified":"2018-03-13T04:02:45+00:00","breadcrumb":{"@id":"https:\/\/estampillascr.com\/blog-es\/estudio-de-plancha-del-resello-de-cafe-de-1923\/#breadcrumb"},"inLanguage":"es","potentialAction":[{"@type":"ReadAction","target":["https:\/\/estampillascr.com\/blog-es\/estudio-de-plancha-del-resello-de-cafe-de-1923\/"]}]},{"@type":"BreadcrumbList","@id":"https:\/\/estampillascr.com\/blog-es\/estudio-de-plancha-del-resello-de-cafe-de-1923\/#breadcrumb","itemListElement":[{"@type":"ListItem","position":1,"name":"Portada","item":"https:\/\/estampillascr.com\/blog-es\/"},{"@type":"ListItem","position":2,"name":"Estudio de plancha del resello de Caf\u00e9 de 1923"}]},{"@type":"WebSite","@id":"https:\/\/estampillascr.com\/blog-es\/#website","url":"https:\/\/estampillascr.com\/blog-es\/","name":"Estampillas de Costa Rica","description":"Su fuente de conocimiento filat\u00e9lico (estampillas, historia postal, timbres, tarjetas y mas!)","publisher":{"@id":"https:\/\/estampillascr.com\/blog-es\/#organization"},"potentialAction":[{"@type":"SearchAction","target":{"@type":"EntryPoint","urlTemplate":"https:\/\/estampillascr.com\/blog-es\/?s={search_term_string}"},"query-input":"required name=search_term_string"}],"inLanguage":"es"},{"@type":"Organization","@id":"https:\/\/estampillascr.com\/blog-es\/#organization","name":"Estampillas de Costa Rica","url":"https:\/\/estampillascr.com\/blog-es\/","logo":{"@type":"ImageObject","inLanguage":"es","@id":"https:\/\/estampillascr.com\/blog-es\/#\/schema\/logo\/image\/","url":"https:\/\/estampillascr.com\/blog-es\/wp-content\/uploads\/2017\/06\/cropped-logotienda.png","contentUrl":"https:\/\/estampillascr.com\/blog-es\/wp-content\/uploads\/2017\/06\/cropped-logotienda.png","width":988,"height":250,"caption":"Estampillas de Costa Rica"},"image":{"@id":"https:\/\/estampillascr.com\/blog-es\/#\/schema\/logo\/image\/"}},{"@type":"Person","@id":"https:\/\/estampillascr.com\/blog-es\/#\/schema\/person\/f881dcaa2327b14dc715503eb8547d0a","name":"fonsi","image":{"@type":"ImageObject","inLanguage":"es","@id":"https:\/\/estampillascr.com\/blog-es\/#\/schema\/person\/image\/","url":"https:\/\/secure.gravatar.com\/avatar\/62c926cc05a617db214b0a49c5ece4d842d570cabea0bf9cc23250a61b0edc0f?s=96&d=mm&r=g","contentUrl":"https:\/\/secure.gravatar.com\/avatar\/62c926cc05a617db214b0a49c5ece4d842d570cabea0bf9cc23250a61b0edc0f?s=96&d=mm&r=g","caption":"fonsi"},"url":"https:\/\/estampillascr.com\/blog-es\/author\/fonsi\/"}]}},"_links":{"self":[{"href":"https:\/\/estampillascr.com\/blog-es\/wp-json\/wp\/v2\/posts\/538","targetHints":{"allow":["GET"]}}],"collection":[{"href":"https:\/\/estampillascr.com\/blog-es\/wp-json\/wp\/v2\/posts"}],"about":[{"href":"https:\/\/estampillascr.com\/blog-es\/wp-json\/wp\/v2\/types\/post"}],"author":[{"embeddable":true,"href":"https:\/\/estampillascr.com\/blog-es\/wp-json\/wp\/v2\/users\/1"}],"replies":[{"embeddable":true,"href":"https:\/\/estampillascr.com\/blog-es\/wp-json\/wp\/v2\/comments?post=538"}],"version-history":[{"count":4,"href":"https:\/\/estampillascr.com\/blog-es\/wp-json\/wp\/v2\/posts\/538\/revisions"}],"predecessor-version":[{"id":547,"href":"https:\/\/estampillascr.com\/blog-es\/wp-json\/wp\/v2\/posts\/538\/revisions\/547"}],"wp:attachment":[{"href":"https:\/\/estampillascr.com\/blog-es\/wp-json\/wp\/v2\/media?parent=538"}],"wp:term":[{"taxonomy":"category","embeddable":true,"href":"https:\/\/estampillascr.com\/blog-es\/wp-json\/wp\/v2\/categories?post=538"},{"taxonomy":"post_tag","embeddable":true,"href":"https:\/\/estampillascr.com\/blog-es\/wp-json\/wp\/v2\/tags?post=538"}],"curies":[{"name":"wp","href":"https:\/\/api.w.org\/{rel}","templated":true}]}}