{"id":150,"date":"2017-07-20T17:43:20","date_gmt":"2017-07-20T17:43:20","guid":{"rendered":"http:\/\/estampillascr.com\/blog-es\/?p=150"},"modified":"2017-09-06T13:23:57","modified_gmt":"2017-09-06T13:23:57","slug":"dado-embozado-papeleria-postal-bernardo-soto-tomas-guardia","status":"publish","type":"post","link":"https:\/\/estampillascr.com\/blog-es\/dado-embozado-papeleria-postal-bernardo-soto-tomas-guardia\/","title":{"rendered":"Dado de embozado de Papeler\u00eda Postal de Bernardo Soto y Tom\u00e1s Guardia"},"content":{"rendered":"<h4><strong>Era com\u00fan a finales de 1800 y principios de 1900 que las personas importantes del gobierno realzaran su papeler\u00eda postal. Esto se hac\u00eda usualmente con un dado de embozado que generalmente era de hierro, cobre o bronce.\u00a0<\/strong><\/h4>\n<p>Hace unos dias fu\u00ed lo suficientemenet afortunado de conseguir dos piezas fant\u00e1sticas de historia. Los dados de embozado de Bernardo Soto y Tom\u00e1s Guardia. Ambos, presidentes de Costa Rica durante el siglo XIX.<\/p>\n<p>El primer dado de embozado perteneci\u00f3 a Bernardo Soto. Nacido en 1854. Presidente en 2 ocasiones de 1885 a 1888. En dicho per\u00edodo decret\u00f3 la creaci\u00f3n del Asilo Chapu\u00ed, la loter\u00eda nacional, el museo nacional y la biblioteca nacional.<\/p>\n<p>El dado consiste en una pieza circular de hierro (con un tornillo en la parte posterior). En el frente tiene el escudo de Costa Rica y la leyenda \u00abBernardo Soto\u00bb debajo. En la parte posterior tiene la leyenda\u00a0\u00abSTERN 47. Passage Panoramas\u00bb. \u00a0Todo apunta que fue hecho por Stern Graveur en Par\u00eds. Tambi\u00e9n el pin en la parte posterior est\u00e1 numeroado \u00ab1141\u00bb.<\/p>\n<p><a href=\"http:\/\/estampillascr.com\/blog-es\/wp-content\/uploads\/2017\/07\/IMG_20170719_0004.jpg\"><img fetchpriority=\"high\" decoding=\"async\" class=\"aligncenter size-medium wp-image-152\" src=\"http:\/\/estampillascr.com\/blog-es\/wp-content\/uploads\/2017\/07\/IMG_20170719_0004-300x295.jpg\" alt=\"dado de embozado\" width=\"300\" height=\"295\" srcset=\"https:\/\/estampillascr.com\/blog-es\/wp-content\/uploads\/2017\/07\/IMG_20170719_0004-300x295.jpg 300w, https:\/\/estampillascr.com\/blog-es\/wp-content\/uploads\/2017\/07\/IMG_20170719_0004-768x756.jpg 768w, https:\/\/estampillascr.com\/blog-es\/wp-content\/uploads\/2017\/07\/IMG_20170719_0004-1024x1008.jpg 1024w, https:\/\/estampillascr.com\/blog-es\/wp-content\/uploads\/2017\/07\/IMG_20170719_0004.jpg 1373w\" sizes=\"(max-width: 300px) 100vw, 300px\" \/><\/a> <a href=\"http:\/\/estampillascr.com\/blog-es\/wp-content\/uploads\/2017\/07\/IMG_0663.jpg\"><img decoding=\"async\" class=\"aligncenter size-medium wp-image-153\" src=\"http:\/\/estampillascr.com\/blog-es\/wp-content\/uploads\/2017\/07\/IMG_0663-300x288.jpg\" alt=\"dado de embozado\" width=\"300\" height=\"288\" srcset=\"https:\/\/estampillascr.com\/blog-es\/wp-content\/uploads\/2017\/07\/IMG_0663-300x288.jpg 300w, https:\/\/estampillascr.com\/blog-es\/wp-content\/uploads\/2017\/07\/IMG_0663-768x737.jpg 768w, https:\/\/estampillascr.com\/blog-es\/wp-content\/uploads\/2017\/07\/IMG_0663-1024x983.jpg 1024w, https:\/\/estampillascr.com\/blog-es\/wp-content\/uploads\/2017\/07\/IMG_0663.jpg 1807w\" sizes=\"(max-width: 300px) 100vw, 300px\" \/><\/a> <a href=\"http:\/\/estampillascr.com\/blog-es\/wp-content\/uploads\/2017\/07\/IMG_0662.jpg\"><img decoding=\"async\" class=\"aligncenter size-medium wp-image-154\" src=\"http:\/\/estampillascr.com\/blog-es\/wp-content\/uploads\/2017\/07\/IMG_0662-300x294.jpg\" alt=\"dado de embozado\" width=\"300\" height=\"294\" srcset=\"https:\/\/estampillascr.com\/blog-es\/wp-content\/uploads\/2017\/07\/IMG_0662-300x294.jpg 300w, https:\/\/estampillascr.com\/blog-es\/wp-content\/uploads\/2017\/07\/IMG_0662-768x752.jpg 768w, https:\/\/estampillascr.com\/blog-es\/wp-content\/uploads\/2017\/07\/IMG_0662-1024x1003.jpg 1024w, https:\/\/estampillascr.com\/blog-es\/wp-content\/uploads\/2017\/07\/IMG_0662.jpg 1392w\" sizes=\"(max-width: 300px) 100vw, 300px\" \/><\/a><\/p>\n<p>El otro dado de embozado perteneci\u00f3 a Tom\u00e1s Guardia. Nacido en 1831. Tembi\u00e9n presidente en 2 ocasiones de 1870 a 1876 y de 1877 a 1882. Durante sus mandatos, aprob\u00f3 la constituci\u00f3n de 1871, aboli\u00f3 la pena de muerte y se empez\u00f3 a construir el ferrocarril al Atl\u00e1ntico.<\/p>\n<p>Este dado consiste en una pieza rectangular de hierro. En el frente tiene el escudo de Costa Rica y la leyenda \u00abGeneral Tom\u00e1s Guardia\u00bb debajo. Tambi\u00e9n a uno de los lados tiene la numeraci\u00f3n \u00ab9296\u00bb.<\/p>\n<p><a href=\"http:\/\/estampillascr.com\/blog-es\/wp-content\/uploads\/2017\/07\/IMG_0660-copy.jpg\"><img loading=\"lazy\" decoding=\"async\" class=\"aligncenter size-medium wp-image-156\" src=\"http:\/\/estampillascr.com\/blog-es\/wp-content\/uploads\/2017\/07\/IMG_0660-copy-239x300.jpg\" alt=\"dado de embozado\" width=\"239\" height=\"300\" srcset=\"https:\/\/estampillascr.com\/blog-es\/wp-content\/uploads\/2017\/07\/IMG_0660-copy-239x300.jpg 239w, https:\/\/estampillascr.com\/blog-es\/wp-content\/uploads\/2017\/07\/IMG_0660-copy-768x966.jpg 768w, https:\/\/estampillascr.com\/blog-es\/wp-content\/uploads\/2017\/07\/IMG_0660-copy-814x1024.jpg 814w, https:\/\/estampillascr.com\/blog-es\/wp-content\/uploads\/2017\/07\/IMG_0660-copy.jpg 1071w\" sizes=\"(max-width: 239px) 100vw, 239px\" \/><\/a> <a href=\"http:\/\/estampillascr.com\/blog-es\/wp-content\/uploads\/2017\/07\/IMG_0661.jpg\"><img loading=\"lazy\" decoding=\"async\" class=\"aligncenter size-medium wp-image-155\" src=\"http:\/\/estampillascr.com\/blog-es\/wp-content\/uploads\/2017\/07\/IMG_0661-202x300.jpg\" alt=\"dado de embozado\" width=\"202\" height=\"300\" srcset=\"https:\/\/estampillascr.com\/blog-es\/wp-content\/uploads\/2017\/07\/IMG_0661-202x300.jpg 202w, https:\/\/estampillascr.com\/blog-es\/wp-content\/uploads\/2017\/07\/IMG_0661-768x1139.jpg 768w, https:\/\/estampillascr.com\/blog-es\/wp-content\/uploads\/2017\/07\/IMG_0661-690x1024.jpg 690w, https:\/\/estampillascr.com\/blog-es\/wp-content\/uploads\/2017\/07\/IMG_0661.jpg 875w\" sizes=\"(max-width: 202px) 100vw, 202px\" \/><\/a> <a href=\"http:\/\/estampillascr.com\/blog-es\/wp-content\/uploads\/2017\/07\/IMG_20170719_0003.jpg\"><img loading=\"lazy\" decoding=\"async\" class=\"aligncenter size-medium wp-image-151\" src=\"http:\/\/estampillascr.com\/blog-es\/wp-content\/uploads\/2017\/07\/IMG_20170719_0003-196x300.jpg\" alt=\"dado de embozado\" width=\"196\" height=\"300\" srcset=\"https:\/\/estampillascr.com\/blog-es\/wp-content\/uploads\/2017\/07\/IMG_20170719_0003-196x300.jpg 196w, https:\/\/estampillascr.com\/blog-es\/wp-content\/uploads\/2017\/07\/IMG_20170719_0003-768x1177.jpg 768w, https:\/\/estampillascr.com\/blog-es\/wp-content\/uploads\/2017\/07\/IMG_20170719_0003-668x1024.jpg 668w, https:\/\/estampillascr.com\/blog-es\/wp-content\/uploads\/2017\/07\/IMG_20170719_0003.jpg 924w\" sizes=\"(max-width: 196px) 100vw, 196px\" \/><\/a><\/p>\n<p><script async src=\"\/\/pagead2.googlesyndication.com\/pagead\/js\/adsbygoogle.js\"><\/script><br \/>\n<!-- Dado de embozado de Papeler\u00eda Postal de Bernardo Soto y Tom\u00e1s Guardia2 --><br \/>\n<ins class=\"adsbygoogle\" style=\"display: block;\" data-ad-client=\"ca-pub-8248283460973100\" data-ad-slot=\"2957236679\" data-ad-format=\"auto\"><\/ins><br \/>\n<script>\n(adsbygoogle = window.adsbygoogle || []).push({});\n<\/script><\/p>\n<hr \/>\n<p><script src=\"\/\/z-na.amazon-adsystem.com\/widgets\/onejs?MarketPlace=US&#038;adInstanceId=773bc4ca-32b4-4c1c-9ca1-159fc69388e0\"><\/script><\/p>\n","protected":false},"excerpt":{"rendered":"<p>Era com\u00fan a finales de 1800 y principios de 1900 que las personas importantes del gobierno realzaran su papeler\u00eda postal. Esto se hac\u00eda usualmente con un dado de embozado que generalmente era de hierro, cobre o bronce.\u00a0 Hace unos dias fu\u00ed lo suficientemenet afortunado de conseguir dos piezas fant\u00e1sticas de historia. Los dados de embozado &hellip; <\/p>\n<p class=\"link-more\"><a href=\"https:\/\/estampillascr.com\/blog-es\/dado-embozado-papeleria-postal-bernardo-soto-tomas-guardia\/\" class=\"more-link\">Continuar leyendo<span class=\"screen-reader-text\"> \u00abDado de embozado de Papeler\u00eda Postal de Bernardo Soto y Tom\u00e1s Guardia\u00bb<\/span><\/a><\/p>\n","protected":false},"author":1,"featured_media":0,"comment_status":"open","ping_status":"open","sticky":false,"template":"","format":"standard","meta":{"_monsterinsights_skip_tracking":false,"_monsterinsights_sitenote_active":false,"_monsterinsights_sitenote_note":"","_monsterinsights_sitenote_category":0,"footnotes":""},"categories":[10],"tags":[11,14,13,12,15],"class_list":["post-150","post","type-post","status-publish","format-standard","hentry","category-otros","tag-barcos","tag-escudo","tag-estrellas","tag-montanas","tag-presidentes"],"yoast_head":"<!-- This site is optimized with the Yoast SEO plugin v19.12 - https:\/\/yoast.com\/wordpress\/plugins\/seo\/ -->\n<title>Dado de embozado de Papeler\u00eda Postal de Bernardo Soto y Tom\u00e1s Guardia - Estampillas de Costa Rica<\/title>\n<meta name=\"robots\" content=\"index, follow, max-snippet:-1, max-image-preview:large, max-video-preview:-1\" \/>\n<link rel=\"canonical\" href=\"https:\/\/estampillascr.com\/blog-es\/dado-embozado-papeleria-postal-bernardo-soto-tomas-guardia\/\" \/>\n<meta property=\"og:locale\" content=\"es_ES\" \/>\n<meta property=\"og:type\" content=\"article\" \/>\n<meta property=\"og:title\" content=\"Dado de embozado de Papeler\u00eda Postal de Bernardo Soto y Tom\u00e1s Guardia - Estampillas de Costa Rica\" \/>\n<meta property=\"og:description\" content=\"Era com\u00fan a finales de 1800 y principios de 1900 que las personas importantes del gobierno realzaran su papeler\u00eda postal. Esto se hac\u00eda usualmente con un dado de embozado que generalmente era de hierro, cobre o bronce.\u00a0 Hace unos dias fu\u00ed lo suficientemenet afortunado de conseguir dos piezas fant\u00e1sticas de historia. Los dados de embozado &hellip; Continuar leyendo &quot;Dado de embozado de Papeler\u00eda Postal de Bernardo Soto y Tom\u00e1s Guardia&quot;\" \/>\n<meta property=\"og:url\" content=\"https:\/\/estampillascr.com\/blog-es\/dado-embozado-papeleria-postal-bernardo-soto-tomas-guardia\/\" \/>\n<meta property=\"og:site_name\" content=\"Estampillas de Costa Rica\" \/>\n<meta property=\"article:published_time\" content=\"2017-07-20T17:43:20+00:00\" \/>\n<meta property=\"article:modified_time\" content=\"2017-09-06T13:23:57+00:00\" \/>\n<meta property=\"og:image\" content=\"http:\/\/estampillascr.com\/blog-es\/wp-content\/uploads\/2017\/07\/IMG_20170719_0004-300x295.jpg\" \/>\n<meta name=\"author\" content=\"fonsi\" \/>\n<meta name=\"twitter:card\" content=\"summary_large_image\" \/>\n<meta name=\"twitter:label1\" content=\"Escrito por\" \/>\n\t<meta name=\"twitter:data1\" content=\"fonsi\" \/>\n\t<meta name=\"twitter:label2\" content=\"Tiempo de lectura\" \/>\n\t<meta name=\"twitter:data2\" content=\"1 minuto\" \/>\n<script type=\"application\/ld+json\" class=\"yoast-schema-graph\">{\"@context\":\"https:\/\/schema.org\",\"@graph\":[{\"@type\":\"Article\",\"@id\":\"https:\/\/estampillascr.com\/blog-es\/dado-embozado-papeleria-postal-bernardo-soto-tomas-guardia\/#article\",\"isPartOf\":{\"@id\":\"https:\/\/estampillascr.com\/blog-es\/dado-embozado-papeleria-postal-bernardo-soto-tomas-guardia\/\"},\"author\":{\"name\":\"fonsi\",\"@id\":\"https:\/\/estampillascr.com\/blog-es\/#\/schema\/person\/f881dcaa2327b14dc715503eb8547d0a\"},\"headline\":\"Dado de embozado de Papeler\u00eda Postal de Bernardo Soto y Tom\u00e1s Guardia\",\"datePublished\":\"2017-07-20T17:43:20+00:00\",\"dateModified\":\"2017-09-06T13:23:57+00:00\",\"mainEntityOfPage\":{\"@id\":\"https:\/\/estampillascr.com\/blog-es\/dado-embozado-papeleria-postal-bernardo-soto-tomas-guardia\/\"},\"wordCount\":269,\"commentCount\":0,\"publisher\":{\"@id\":\"https:\/\/estampillascr.com\/blog-es\/#organization\"},\"keywords\":[\"barcos\",\"escudo\",\"estrellas\",\"monta\u00f1as\",\"presidentes\"],\"articleSection\":[\"Otros\"],\"inLanguage\":\"es\",\"potentialAction\":[{\"@type\":\"CommentAction\",\"name\":\"Comment\",\"target\":[\"https:\/\/estampillascr.com\/blog-es\/dado-embozado-papeleria-postal-bernardo-soto-tomas-guardia\/#respond\"]}]},{\"@type\":\"WebPage\",\"@id\":\"https:\/\/estampillascr.com\/blog-es\/dado-embozado-papeleria-postal-bernardo-soto-tomas-guardia\/\",\"url\":\"https:\/\/estampillascr.com\/blog-es\/dado-embozado-papeleria-postal-bernardo-soto-tomas-guardia\/\",\"name\":\"Dado de embozado de Papeler\u00eda Postal de Bernardo Soto y Tom\u00e1s Guardia - Estampillas de Costa Rica\",\"isPartOf\":{\"@id\":\"https:\/\/estampillascr.com\/blog-es\/#website\"},\"datePublished\":\"2017-07-20T17:43:20+00:00\",\"dateModified\":\"2017-09-06T13:23:57+00:00\",\"breadcrumb\":{\"@id\":\"https:\/\/estampillascr.com\/blog-es\/dado-embozado-papeleria-postal-bernardo-soto-tomas-guardia\/#breadcrumb\"},\"inLanguage\":\"es\",\"potentialAction\":[{\"@type\":\"ReadAction\",\"target\":[\"https:\/\/estampillascr.com\/blog-es\/dado-embozado-papeleria-postal-bernardo-soto-tomas-guardia\/\"]}]},{\"@type\":\"BreadcrumbList\",\"@id\":\"https:\/\/estampillascr.com\/blog-es\/dado-embozado-papeleria-postal-bernardo-soto-tomas-guardia\/#breadcrumb\",\"itemListElement\":[{\"@type\":\"ListItem\",\"position\":1,\"name\":\"Portada\",\"item\":\"https:\/\/estampillascr.com\/blog-es\/\"},{\"@type\":\"ListItem\",\"position\":2,\"name\":\"Dado de embozado de Papeler\u00eda Postal de Bernardo Soto y Tom\u00e1s Guardia\"}]},{\"@type\":\"WebSite\",\"@id\":\"https:\/\/estampillascr.com\/blog-es\/#website\",\"url\":\"https:\/\/estampillascr.com\/blog-es\/\",\"name\":\"Estampillas de Costa Rica\",\"description\":\"Su fuente de conocimiento filat\u00e9lico (estampillas, historia postal, timbres, tarjetas y mas!)\",\"publisher\":{\"@id\":\"https:\/\/estampillascr.com\/blog-es\/#organization\"},\"potentialAction\":[{\"@type\":\"SearchAction\",\"target\":{\"@type\":\"EntryPoint\",\"urlTemplate\":\"https:\/\/estampillascr.com\/blog-es\/?s={search_term_string}\"},\"query-input\":\"required name=search_term_string\"}],\"inLanguage\":\"es\"},{\"@type\":\"Organization\",\"@id\":\"https:\/\/estampillascr.com\/blog-es\/#organization\",\"name\":\"Estampillas de Costa Rica\",\"url\":\"https:\/\/estampillascr.com\/blog-es\/\",\"logo\":{\"@type\":\"ImageObject\",\"inLanguage\":\"es\",\"@id\":\"https:\/\/estampillascr.com\/blog-es\/#\/schema\/logo\/image\/\",\"url\":\"https:\/\/estampillascr.com\/blog-es\/wp-content\/uploads\/2017\/06\/cropped-logotienda.png\",\"contentUrl\":\"https:\/\/estampillascr.com\/blog-es\/wp-content\/uploads\/2017\/06\/cropped-logotienda.png\",\"width\":988,\"height\":250,\"caption\":\"Estampillas de Costa Rica\"},\"image\":{\"@id\":\"https:\/\/estampillascr.com\/blog-es\/#\/schema\/logo\/image\/\"}},{\"@type\":\"Person\",\"@id\":\"https:\/\/estampillascr.com\/blog-es\/#\/schema\/person\/f881dcaa2327b14dc715503eb8547d0a\",\"name\":\"fonsi\",\"image\":{\"@type\":\"ImageObject\",\"inLanguage\":\"es\",\"@id\":\"https:\/\/estampillascr.com\/blog-es\/#\/schema\/person\/image\/\",\"url\":\"https:\/\/secure.gravatar.com\/avatar\/62c926cc05a617db214b0a49c5ece4d842d570cabea0bf9cc23250a61b0edc0f?s=96&d=mm&r=g\",\"contentUrl\":\"https:\/\/secure.gravatar.com\/avatar\/62c926cc05a617db214b0a49c5ece4d842d570cabea0bf9cc23250a61b0edc0f?s=96&d=mm&r=g\",\"caption\":\"fonsi\"},\"url\":\"https:\/\/estampillascr.com\/blog-es\/author\/fonsi\/\"}]}<\/script>\n<!-- \/ Yoast SEO plugin. -->","yoast_head_json":{"title":"Dado de embozado de Papeler\u00eda Postal de Bernardo Soto y Tom\u00e1s Guardia - Estampillas de Costa Rica","robots":{"index":"index","follow":"follow","max-snippet":"max-snippet:-1","max-image-preview":"max-image-preview:large","max-video-preview":"max-video-preview:-1"},"canonical":"https:\/\/estampillascr.com\/blog-es\/dado-embozado-papeleria-postal-bernardo-soto-tomas-guardia\/","og_locale":"es_ES","og_type":"article","og_title":"Dado de embozado de Papeler\u00eda Postal de Bernardo Soto y Tom\u00e1s Guardia - Estampillas de Costa Rica","og_description":"Era com\u00fan a finales de 1800 y principios de 1900 que las personas importantes del gobierno realzaran su papeler\u00eda postal. Esto se hac\u00eda usualmente con un dado de embozado que generalmente era de hierro, cobre o bronce.\u00a0 Hace unos dias fu\u00ed lo suficientemenet afortunado de conseguir dos piezas fant\u00e1sticas de historia. Los dados de embozado &hellip; Continuar leyendo \"Dado de embozado de Papeler\u00eda Postal de Bernardo Soto y Tom\u00e1s Guardia\"","og_url":"https:\/\/estampillascr.com\/blog-es\/dado-embozado-papeleria-postal-bernardo-soto-tomas-guardia\/","og_site_name":"Estampillas de Costa Rica","article_published_time":"2017-07-20T17:43:20+00:00","article_modified_time":"2017-09-06T13:23:57+00:00","og_image":[{"url":"http:\/\/estampillascr.com\/blog-es\/wp-content\/uploads\/2017\/07\/IMG_20170719_0004-300x295.jpg"}],"author":"fonsi","twitter_card":"summary_large_image","twitter_misc":{"Escrito por":"fonsi","Tiempo de lectura":"1 minuto"},"schema":{"@context":"https:\/\/schema.org","@graph":[{"@type":"Article","@id":"https:\/\/estampillascr.com\/blog-es\/dado-embozado-papeleria-postal-bernardo-soto-tomas-guardia\/#article","isPartOf":{"@id":"https:\/\/estampillascr.com\/blog-es\/dado-embozado-papeleria-postal-bernardo-soto-tomas-guardia\/"},"author":{"name":"fonsi","@id":"https:\/\/estampillascr.com\/blog-es\/#\/schema\/person\/f881dcaa2327b14dc715503eb8547d0a"},"headline":"Dado de embozado de Papeler\u00eda Postal de Bernardo Soto y Tom\u00e1s Guardia","datePublished":"2017-07-20T17:43:20+00:00","dateModified":"2017-09-06T13:23:57+00:00","mainEntityOfPage":{"@id":"https:\/\/estampillascr.com\/blog-es\/dado-embozado-papeleria-postal-bernardo-soto-tomas-guardia\/"},"wordCount":269,"commentCount":0,"publisher":{"@id":"https:\/\/estampillascr.com\/blog-es\/#organization"},"keywords":["barcos","escudo","estrellas","monta\u00f1as","presidentes"],"articleSection":["Otros"],"inLanguage":"es","potentialAction":[{"@type":"CommentAction","name":"Comment","target":["https:\/\/estampillascr.com\/blog-es\/dado-embozado-papeleria-postal-bernardo-soto-tomas-guardia\/#respond"]}]},{"@type":"WebPage","@id":"https:\/\/estampillascr.com\/blog-es\/dado-embozado-papeleria-postal-bernardo-soto-tomas-guardia\/","url":"https:\/\/estampillascr.com\/blog-es\/dado-embozado-papeleria-postal-bernardo-soto-tomas-guardia\/","name":"Dado de embozado de Papeler\u00eda Postal de Bernardo Soto y Tom\u00e1s Guardia - Estampillas de Costa Rica","isPartOf":{"@id":"https:\/\/estampillascr.com\/blog-es\/#website"},"datePublished":"2017-07-20T17:43:20+00:00","dateModified":"2017-09-06T13:23:57+00:00","breadcrumb":{"@id":"https:\/\/estampillascr.com\/blog-es\/dado-embozado-papeleria-postal-bernardo-soto-tomas-guardia\/#breadcrumb"},"inLanguage":"es","potentialAction":[{"@type":"ReadAction","target":["https:\/\/estampillascr.com\/blog-es\/dado-embozado-papeleria-postal-bernardo-soto-tomas-guardia\/"]}]},{"@type":"BreadcrumbList","@id":"https:\/\/estampillascr.com\/blog-es\/dado-embozado-papeleria-postal-bernardo-soto-tomas-guardia\/#breadcrumb","itemListElement":[{"@type":"ListItem","position":1,"name":"Portada","item":"https:\/\/estampillascr.com\/blog-es\/"},{"@type":"ListItem","position":2,"name":"Dado de embozado de Papeler\u00eda Postal de Bernardo Soto y Tom\u00e1s Guardia"}]},{"@type":"WebSite","@id":"https:\/\/estampillascr.com\/blog-es\/#website","url":"https:\/\/estampillascr.com\/blog-es\/","name":"Estampillas de Costa Rica","description":"Su fuente de conocimiento filat\u00e9lico (estampillas, historia postal, timbres, tarjetas y mas!)","publisher":{"@id":"https:\/\/estampillascr.com\/blog-es\/#organization"},"potentialAction":[{"@type":"SearchAction","target":{"@type":"EntryPoint","urlTemplate":"https:\/\/estampillascr.com\/blog-es\/?s={search_term_string}"},"query-input":"required name=search_term_string"}],"inLanguage":"es"},{"@type":"Organization","@id":"https:\/\/estampillascr.com\/blog-es\/#organization","name":"Estampillas de Costa Rica","url":"https:\/\/estampillascr.com\/blog-es\/","logo":{"@type":"ImageObject","inLanguage":"es","@id":"https:\/\/estampillascr.com\/blog-es\/#\/schema\/logo\/image\/","url":"https:\/\/estampillascr.com\/blog-es\/wp-content\/uploads\/2017\/06\/cropped-logotienda.png","contentUrl":"https:\/\/estampillascr.com\/blog-es\/wp-content\/uploads\/2017\/06\/cropped-logotienda.png","width":988,"height":250,"caption":"Estampillas de Costa Rica"},"image":{"@id":"https:\/\/estampillascr.com\/blog-es\/#\/schema\/logo\/image\/"}},{"@type":"Person","@id":"https:\/\/estampillascr.com\/blog-es\/#\/schema\/person\/f881dcaa2327b14dc715503eb8547d0a","name":"fonsi","image":{"@type":"ImageObject","inLanguage":"es","@id":"https:\/\/estampillascr.com\/blog-es\/#\/schema\/person\/image\/","url":"https:\/\/secure.gravatar.com\/avatar\/62c926cc05a617db214b0a49c5ece4d842d570cabea0bf9cc23250a61b0edc0f?s=96&d=mm&r=g","contentUrl":"https:\/\/secure.gravatar.com\/avatar\/62c926cc05a617db214b0a49c5ece4d842d570cabea0bf9cc23250a61b0edc0f?s=96&d=mm&r=g","caption":"fonsi"},"url":"https:\/\/estampillascr.com\/blog-es\/author\/fonsi\/"}]}},"_links":{"self":[{"href":"https:\/\/estampillascr.com\/blog-es\/wp-json\/wp\/v2\/posts\/150","targetHints":{"allow":["GET"]}}],"collection":[{"href":"https:\/\/estampillascr.com\/blog-es\/wp-json\/wp\/v2\/posts"}],"about":[{"href":"https:\/\/estampillascr.com\/blog-es\/wp-json\/wp\/v2\/types\/post"}],"author":[{"embeddable":true,"href":"https:\/\/estampillascr.com\/blog-es\/wp-json\/wp\/v2\/users\/1"}],"replies":[{"embeddable":true,"href":"https:\/\/estampillascr.com\/blog-es\/wp-json\/wp\/v2\/comments?post=150"}],"version-history":[{"count":6,"href":"https:\/\/estampillascr.com\/blog-es\/wp-json\/wp\/v2\/posts\/150\/revisions"}],"predecessor-version":[{"id":489,"href":"https:\/\/estampillascr.com\/blog-es\/wp-json\/wp\/v2\/posts\/150\/revisions\/489"}],"wp:attachment":[{"href":"https:\/\/estampillascr.com\/blog-es\/wp-json\/wp\/v2\/media?parent=150"}],"wp:term":[{"taxonomy":"category","embeddable":true,"href":"https:\/\/estampillascr.com\/blog-es\/wp-json\/wp\/v2\/categories?post=150"},{"taxonomy":"post_tag","embeddable":true,"href":"https:\/\/estampillascr.com\/blog-es\/wp-json\/wp\/v2\/tags?post=150"}],"curies":[{"name":"wp","href":"https:\/\/api.w.org\/{rel}","templated":true}]}}